{"id":1244,"date":"2024-03-05T09:06:03","date_gmt":"2024-03-05T08:06:03","guid":{"rendered":"https:\/\/www.bailly-lapierre.fr\/concours-general-agricole%f0%9f%8f%85\/"},"modified":"2024-06-27T15:12:13","modified_gmt":"2024-06-27T13:12:13","slug":"concours-general-agricole","status":"publish","type":"post","link":"https:\/\/www.bailly-lapierre.fr\/en\/concours-general-agricole\/","title":{"rendered":"Concours G\u00e9n\u00e9ral Agricole"},"content":{"rendered":"<div class=\"xdj266r x11i5rnm xat24cr x1mh8g0r x1vvkbs x126k92a\">\n<div dir=\"auto\">Lors du Salon de l&#8217;Agriculture &#8211; \u00e9dition 2024, une de nos cuv\u00e9es a \u00e9t\u00e9 r\u00e9compens\u00e9e d&#8217;une m\u00e9daille :<\/div>\n<\/div>\n<div class=\"x11i5rnm xat24cr x1mh8g0r x1vvkbs xtlvy1s x126k92a\">\n<div dir=\"auto\"><span class=\"x3nfvp2 x1j61x8r x1fcty0u xdj266r xhhsvwb xat24cr xgzva0m xxymvpz xlup9mm x1kky2od\"><img decoding=\"async\" class=\"xz74otr\" src=\"https:\/\/static.xx.fbcdn.net\/images\/emoji.php\/v9\/t94\/1\/16\/1f947.png\" alt=\"\ud83e\udd47\" width=\"16\" height=\"16\" \/><\/span> Cr\u00e9mant de Bourgogne blanc brut &#8211; Noir et Blanc &#8211; m\u00e9daille d&#8217;or<\/div>\n<\/div>\n","protected":false},"excerpt":{"rendered":"<p>Lors du Salon de l&#8217;Agriculture &#8211; \u00e9dition 2024, une de nos cuv\u00e9es a \u00e9t\u00e9 r\u00e9compens\u00e9e d&#8217;une m\u00e9daille : Cr\u00e9mant de<\/p>\n","protected":false},"author":1,"featured_media":1245,"comment_status":"closed","ping_status":"closed","sticky":false,"template":"","format":"standard","meta":{"footnotes":""},"categories":[1],"tags":[],"class_list":["post-1244","post","type-post","status-publish","format-standard","has-post-thumbnail","hentry","category-non-classifiee"],"yoast_head":"<title>Concours G\u00e9n\u00e9ral Agricole - Bailly Lapierre<\/title>\n<meta name=\"robots\" content=\"index, follow, max-snippet:-1, max-image-preview:large, max-video-preview:-1\" \/>\n<link rel=\"canonical\" href=\"https:\/\/www.bailly-lapierre.fr\/en\/concours-general-agricole\/\" \/>\n<meta property=\"og:locale\" content=\"en_US\" \/>\n<meta property=\"og:type\" content=\"article\" \/>\n<meta property=\"og:title\" content=\"Concours G\u00e9n\u00e9ral Agricole - Bailly Lapierre\" \/>\n<meta property=\"og:description\" content=\"Lors du Salon de l&#8217;Agriculture &#8211; \u00e9dition 2024, une de nos cuv\u00e9es a \u00e9t\u00e9 r\u00e9compens\u00e9e d&#8217;une m\u00e9daille : Cr\u00e9mant de\" \/>\n<meta property=\"og:url\" content=\"https:\/\/www.bailly-lapierre.fr\/en\/concours-general-agricole\/\" \/>\n<meta property=\"og:site_name\" content=\"Bailly Lapierre\" \/>\n<meta property=\"article:publisher\" content=\"https:\/\/www.facebook.com\/BaillyLapierre\/\" \/>\n<meta property=\"article:published_time\" content=\"2024-03-05T08:06:03+00:00\" \/>\n<meta property=\"article:modified_time\" content=\"2024-06-27T13:12:13+00:00\" \/>\n<meta property=\"og:image\" content=\"https:\/\/www.bailly-lapierre.fr\/wp-content\/uploads\/2024\/03\/Publication-facebook.jpg\" \/>\n\t<meta property=\"og:image:width\" content=\"1080\" \/>\n\t<meta property=\"og:image:height\" content=\"1080\" \/>\n\t<meta property=\"og:image:type\" content=\"image\/jpeg\" \/>\n<meta name=\"author\" content=\"BaillyLapierre\" \/>\n<meta name=\"twitter:card\" content=\"summary_large_image\" \/>\n<meta name=\"twitter:label1\" content=\"Written by\" \/>\n\t<meta name=\"twitter:data1\" content=\"BaillyLapierre\" \/>\n<script type=\"application\/ld+json\" class=\"yoast-schema-graph\">{\"@context\":\"https:\\\/\\\/schema.org\",\"@graph\":[{\"@type\":\"Article\",\"@id\":\"https:\\\/\\\/www.bailly-lapierre.fr\\\/en\\\/concours-general-agricole\\\/#article\",\"isPartOf\":{\"@id\":\"https:\\\/\\\/www.bailly-lapierre.fr\\\/en\\\/concours-general-agricole\\\/\"},\"author\":{\"name\":\"BaillyLapierre\",\"@id\":\"https:\\\/\\\/www.bailly-lapierre.fr\\\/en\\\/#\\\/schema\\\/person\\\/6d08ecca030020f16ddcd60eda2e82e9\"},\"headline\":\"Concours G\u00e9n\u00e9ral Agricole\",\"datePublished\":\"2024-03-05T08:06:03+00:00\",\"dateModified\":\"2024-06-27T13:12:13+00:00\",\"mainEntityOfPage\":{\"@id\":\"https:\\\/\\\/www.bailly-lapierre.fr\\\/en\\\/concours-general-agricole\\\/\"},\"wordCount\":42,\"publisher\":{\"@id\":\"https:\\\/\\\/www.bailly-lapierre.fr\\\/en\\\/#organization\"},\"image\":{\"@id\":\"https:\\\/\\\/www.bailly-lapierre.fr\\\/en\\\/concours-general-agricole\\\/#primaryimage\"},\"thumbnailUrl\":\"https:\\\/\\\/www.bailly-lapierre.fr\\\/wp-content\\\/uploads\\\/2024\\\/03\\\/Publication-facebook.jpg\",\"articleSection\":[\"Non classifi\u00e9(e)\"],\"inLanguage\":\"en-US\"},{\"@type\":\"WebPage\",\"@id\":\"https:\\\/\\\/www.bailly-lapierre.fr\\\/en\\\/concours-general-agricole\\\/\",\"url\":\"https:\\\/\\\/www.bailly-lapierre.fr\\\/en\\\/concours-general-agricole\\\/\",\"name\":\"Concours G\u00e9n\u00e9ral Agricole - Bailly Lapierre\",\"isPartOf\":{\"@id\":\"https:\\\/\\\/www.bailly-lapierre.fr\\\/en\\\/#website\"},\"primaryImageOfPage\":{\"@id\":\"https:\\\/\\\/www.bailly-lapierre.fr\\\/en\\\/concours-general-agricole\\\/#primaryimage\"},\"image\":{\"@id\":\"https:\\\/\\\/www.bailly-lapierre.fr\\\/en\\\/concours-general-agricole\\\/#primaryimage\"},\"thumbnailUrl\":\"https:\\\/\\\/www.bailly-lapierre.fr\\\/wp-content\\\/uploads\\\/2024\\\/03\\\/Publication-facebook.jpg\",\"datePublished\":\"2024-03-05T08:06:03+00:00\",\"dateModified\":\"2024-06-27T13:12:13+00:00\",\"breadcrumb\":{\"@id\":\"https:\\\/\\\/www.bailly-lapierre.fr\\\/en\\\/concours-general-agricole\\\/#breadcrumb\"},\"inLanguage\":\"en-US\",\"potentialAction\":[{\"@type\":\"ReadAction\",\"target\":[\"https:\\\/\\\/www.bailly-lapierre.fr\\\/en\\\/concours-general-agricole\\\/\"]}]},{\"@type\":\"ImageObject\",\"inLanguage\":\"en-US\",\"@id\":\"https:\\\/\\\/www.bailly-lapierre.fr\\\/en\\\/concours-general-agricole\\\/#primaryimage\",\"url\":\"https:\\\/\\\/www.bailly-lapierre.fr\\\/wp-content\\\/uploads\\\/2024\\\/03\\\/Publication-facebook.jpg\",\"contentUrl\":\"https:\\\/\\\/www.bailly-lapierre.fr\\\/wp-content\\\/uploads\\\/2024\\\/03\\\/Publication-facebook.jpg\",\"width\":1080,\"height\":1080},{\"@type\":\"BreadcrumbList\",\"@id\":\"https:\\\/\\\/www.bailly-lapierre.fr\\\/en\\\/concours-general-agricole\\\/#breadcrumb\",\"itemListElement\":[{\"@type\":\"ListItem\",\"position\":1,\"name\":\"Accueil\",\"item\":\"https:\\\/\\\/www.bailly-lapierre.fr\\\/en\\\/\"},{\"@type\":\"ListItem\",\"position\":2,\"name\":\"Concours G\u00e9n\u00e9ral Agricole\"}]},{\"@type\":\"WebSite\",\"@id\":\"https:\\\/\\\/www.bailly-lapierre.fr\\\/en\\\/#website\",\"url\":\"https:\\\/\\\/www.bailly-lapierre.fr\\\/en\\\/\",\"name\":\"Bailly Lapierre\",\"description\":\"\",\"publisher\":{\"@id\":\"https:\\\/\\\/www.bailly-lapierre.fr\\\/en\\\/#organization\"},\"potentialAction\":[{\"@type\":\"SearchAction\",\"target\":{\"@type\":\"EntryPoint\",\"urlTemplate\":\"https:\\\/\\\/www.bailly-lapierre.fr\\\/en\\\/?s={search_term_string}\"},\"query-input\":{\"@type\":\"PropertyValueSpecification\",\"valueRequired\":true,\"valueName\":\"search_term_string\"}}],\"inLanguage\":\"en-US\"},{\"@type\":\"Organization\",\"@id\":\"https:\\\/\\\/www.bailly-lapierre.fr\\\/en\\\/#organization\",\"name\":\"Bailly Lapierre\",\"url\":\"https:\\\/\\\/www.bailly-lapierre.fr\\\/en\\\/\",\"logo\":{\"@type\":\"ImageObject\",\"inLanguage\":\"en-US\",\"@id\":\"https:\\\/\\\/www.bailly-lapierre.fr\\\/en\\\/#\\\/schema\\\/logo\\\/image\\\/\",\"url\":\"https:\\\/\\\/www.bailly-lapierre.fr\\\/wp-content\\\/uploads\\\/2023\\\/09\\\/logo_Cremants_de_Bourgogne_Bailly_Lapierre.png\",\"contentUrl\":\"https:\\\/\\\/www.bailly-lapierre.fr\\\/wp-content\\\/uploads\\\/2023\\\/09\\\/logo_Cremants_de_Bourgogne_Bailly_Lapierre.png\",\"width\":843,\"height\":317,\"caption\":\"Bailly Lapierre\"},\"image\":{\"@id\":\"https:\\\/\\\/www.bailly-lapierre.fr\\\/en\\\/#\\\/schema\\\/logo\\\/image\\\/\"},\"sameAs\":[\"https:\\\/\\\/www.facebook.com\\\/BaillyLapierre\\\/\"]},{\"@type\":\"Person\",\"@id\":\"https:\\\/\\\/www.bailly-lapierre.fr\\\/en\\\/#\\\/schema\\\/person\\\/6d08ecca030020f16ddcd60eda2e82e9\",\"name\":\"BaillyLapierre\",\"image\":{\"@type\":\"ImageObject\",\"inLanguage\":\"en-US\",\"@id\":\"https:\\\/\\\/secure.gravatar.com\\\/avatar\\\/3054b9b36290799e208376252b597c376d79ee48facbb0c31cee86fa482b334e?s=96&d=mm&r=g\",\"url\":\"https:\\\/\\\/secure.gravatar.com\\\/avatar\\\/3054b9b36290799e208376252b597c376d79ee48facbb0c31cee86fa482b334e?s=96&d=mm&r=g\",\"contentUrl\":\"https:\\\/\\\/secure.gravatar.com\\\/avatar\\\/3054b9b36290799e208376252b597c376d79ee48facbb0c31cee86fa482b334e?s=96&d=mm&r=g\",\"caption\":\"BaillyLapierre\"},\"sameAs\":[\"https:\\\/\\\/www.bailly-lapierre.fr\"],\"url\":\"https:\\\/\\\/www.bailly-lapierre.fr\\\/en\\\/author\\\/baillylapierre\\\/\"}]}<\/script>","yoast_head_json":{"title":"Concours G\u00e9n\u00e9ral Agricole - Bailly Lapierre","robots":{"index":"index","follow":"follow","max-snippet":"max-snippet:-1","max-image-preview":"max-image-preview:large","max-video-preview":"max-video-preview:-1"},"canonical":"https:\/\/www.bailly-lapierre.fr\/en\/concours-general-agricole\/","og_locale":"en_US","og_type":"article","og_title":"Concours G\u00e9n\u00e9ral Agricole - Bailly Lapierre","og_description":"Lors du Salon de l&#8217;Agriculture &#8211; \u00e9dition 2024, une de nos cuv\u00e9es a \u00e9t\u00e9 r\u00e9compens\u00e9e d&#8217;une m\u00e9daille : Cr\u00e9mant de","og_url":"https:\/\/www.bailly-lapierre.fr\/en\/concours-general-agricole\/","og_site_name":"Bailly Lapierre","article_publisher":"https:\/\/www.facebook.com\/BaillyLapierre\/","article_published_time":"2024-03-05T08:06:03+00:00","article_modified_time":"2024-06-27T13:12:13+00:00","og_image":[{"width":1080,"height":1080,"url":"https:\/\/www.bailly-lapierre.fr\/wp-content\/uploads\/2024\/03\/Publication-facebook.jpg","type":"image\/jpeg"}],"author":"BaillyLapierre","twitter_card":"summary_large_image","twitter_misc":{"Written by":"BaillyLapierre"},"schema":{"@context":"https:\/\/schema.org","@graph":[{"@type":"Article","@id":"https:\/\/www.bailly-lapierre.fr\/en\/concours-general-agricole\/#article","isPartOf":{"@id":"https:\/\/www.bailly-lapierre.fr\/en\/concours-general-agricole\/"},"author":{"name":"BaillyLapierre","@id":"https:\/\/www.bailly-lapierre.fr\/en\/#\/schema\/person\/6d08ecca030020f16ddcd60eda2e82e9"},"headline":"Concours G\u00e9n\u00e9ral Agricole","datePublished":"2024-03-05T08:06:03+00:00","dateModified":"2024-06-27T13:12:13+00:00","mainEntityOfPage":{"@id":"https:\/\/www.bailly-lapierre.fr\/en\/concours-general-agricole\/"},"wordCount":42,"publisher":{"@id":"https:\/\/www.bailly-lapierre.fr\/en\/#organization"},"image":{"@id":"https:\/\/www.bailly-lapierre.fr\/en\/concours-general-agricole\/#primaryimage"},"thumbnailUrl":"https:\/\/www.bailly-lapierre.fr\/wp-content\/uploads\/2024\/03\/Publication-facebook.jpg","articleSection":["Non classifi\u00e9(e)"],"inLanguage":"en-US"},{"@type":"WebPage","@id":"https:\/\/www.bailly-lapierre.fr\/en\/concours-general-agricole\/","url":"https:\/\/www.bailly-lapierre.fr\/en\/concours-general-agricole\/","name":"Concours G\u00e9n\u00e9ral Agricole - Bailly Lapierre","isPartOf":{"@id":"https:\/\/www.bailly-lapierre.fr\/en\/#website"},"primaryImageOfPage":{"@id":"https:\/\/www.bailly-lapierre.fr\/en\/concours-general-agricole\/#primaryimage"},"image":{"@id":"https:\/\/www.bailly-lapierre.fr\/en\/concours-general-agricole\/#primaryimage"},"thumbnailUrl":"https:\/\/www.bailly-lapierre.fr\/wp-content\/uploads\/2024\/03\/Publication-facebook.jpg","datePublished":"2024-03-05T08:06:03+00:00","dateModified":"2024-06-27T13:12:13+00:00","breadcrumb":{"@id":"https:\/\/www.bailly-lapierre.fr\/en\/concours-general-agricole\/#breadcrumb"},"inLanguage":"en-US","potentialAction":[{"@type":"ReadAction","target":["https:\/\/www.bailly-lapierre.fr\/en\/concours-general-agricole\/"]}]},{"@type":"ImageObject","inLanguage":"en-US","@id":"https:\/\/www.bailly-lapierre.fr\/en\/concours-general-agricole\/#primaryimage","url":"https:\/\/www.bailly-lapierre.fr\/wp-content\/uploads\/2024\/03\/Publication-facebook.jpg","contentUrl":"https:\/\/www.bailly-lapierre.fr\/wp-content\/uploads\/2024\/03\/Publication-facebook.jpg","width":1080,"height":1080},{"@type":"BreadcrumbList","@id":"https:\/\/www.bailly-lapierre.fr\/en\/concours-general-agricole\/#breadcrumb","itemListElement":[{"@type":"ListItem","position":1,"name":"Accueil","item":"https:\/\/www.bailly-lapierre.fr\/en\/"},{"@type":"ListItem","position":2,"name":"Concours G\u00e9n\u00e9ral Agricole"}]},{"@type":"WebSite","@id":"https:\/\/www.bailly-lapierre.fr\/en\/#website","url":"https:\/\/www.bailly-lapierre.fr\/en\/","name":"Bailly Lapierre","description":"","publisher":{"@id":"https:\/\/www.bailly-lapierre.fr\/en\/#organization"},"potentialAction":[{"@type":"SearchAction","target":{"@type":"EntryPoint","urlTemplate":"https:\/\/www.bailly-lapierre.fr\/en\/?s={search_term_string}"},"query-input":{"@type":"PropertyValueSpecification","valueRequired":true,"valueName":"search_term_string"}}],"inLanguage":"en-US"},{"@type":"Organization","@id":"https:\/\/www.bailly-lapierre.fr\/en\/#organization","name":"Bailly Lapierre","url":"https:\/\/www.bailly-lapierre.fr\/en\/","logo":{"@type":"ImageObject","inLanguage":"en-US","@id":"https:\/\/www.bailly-lapierre.fr\/en\/#\/schema\/logo\/image\/","url":"https:\/\/www.bailly-lapierre.fr\/wp-content\/uploads\/2023\/09\/logo_Cremants_de_Bourgogne_Bailly_Lapierre.png","contentUrl":"https:\/\/www.bailly-lapierre.fr\/wp-content\/uploads\/2023\/09\/logo_Cremants_de_Bourgogne_Bailly_Lapierre.png","width":843,"height":317,"caption":"Bailly Lapierre"},"image":{"@id":"https:\/\/www.bailly-lapierre.fr\/en\/#\/schema\/logo\/image\/"},"sameAs":["https:\/\/www.facebook.com\/BaillyLapierre\/"]},{"@type":"Person","@id":"https:\/\/www.bailly-lapierre.fr\/en\/#\/schema\/person\/6d08ecca030020f16ddcd60eda2e82e9","name":"BaillyLapierre","image":{"@type":"ImageObject","inLanguage":"en-US","@id":"https:\/\/secure.gravatar.com\/avatar\/3054b9b36290799e208376252b597c376d79ee48facbb0c31cee86fa482b334e?s=96&d=mm&r=g","url":"https:\/\/secure.gravatar.com\/avatar\/3054b9b36290799e208376252b597c376d79ee48facbb0c31cee86fa482b334e?s=96&d=mm&r=g","contentUrl":"https:\/\/secure.gravatar.com\/avatar\/3054b9b36290799e208376252b597c376d79ee48facbb0c31cee86fa482b334e?s=96&d=mm&r=g","caption":"BaillyLapierre"},"sameAs":["https:\/\/www.bailly-lapierre.fr"],"url":"https:\/\/www.bailly-lapierre.fr\/en\/author\/baillylapierre\/"}]}},"_links":{"self":[{"href":"https:\/\/www.bailly-lapierre.fr\/en\/wp-json\/wp\/v2\/posts\/1244","targetHints":{"allow":["GET"]}}],"collection":[{"href":"https:\/\/www.bailly-lapierre.fr\/en\/wp-json\/wp\/v2\/posts"}],"about":[{"href":"https:\/\/www.bailly-lapierre.fr\/en\/wp-json\/wp\/v2\/types\/post"}],"author":[{"embeddable":true,"href":"https:\/\/www.bailly-lapierre.fr\/en\/wp-json\/wp\/v2\/users\/1"}],"replies":[{"embeddable":true,"href":"https:\/\/www.bailly-lapierre.fr\/en\/wp-json\/wp\/v2\/comments?post=1244"}],"version-history":[{"count":2,"href":"https:\/\/www.bailly-lapierre.fr\/en\/wp-json\/wp\/v2\/posts\/1244\/revisions"}],"predecessor-version":[{"id":2252,"href":"https:\/\/www.bailly-lapierre.fr\/en\/wp-json\/wp\/v2\/posts\/1244\/revisions\/2252"}],"wp:featuredmedia":[{"embeddable":true,"href":"https:\/\/www.bailly-lapierre.fr\/en\/wp-json\/wp\/v2\/media\/1245"}],"wp:attachment":[{"href":"https:\/\/www.bailly-lapierre.fr\/en\/wp-json\/wp\/v2\/media?parent=1244"}],"wp:term":[{"taxonomy":"category","embeddable":true,"href":"https:\/\/www.bailly-lapierre.fr\/en\/wp-json\/wp\/v2\/categories?post=1244"},{"taxonomy":"post_tag","embeddable":true,"href":"https:\/\/www.bailly-lapierre.fr\/en\/wp-json\/wp\/v2\/tags?post=1244"}],"curies":[{"name":"wp","href":"https:\/\/api.w.org\/{rel}","templated":true}]}}